{"id":150615,"date":"2022-02-13T19:55:51","date_gmt":"2022-02-13T18:55:51","guid":{"rendered":"https:\/\/nuovosoldo.com\/?p=150615"},"modified":"2022-02-13T19:57:07","modified_gmt":"2022-02-13T18:57:07","slug":"felice-scalia-incontra-papa-francesco","status":"publish","type":"post","link":"https:\/\/nuovosoldo.com\/index.php\/2022\/02\/13\/felice-scalia-incontra-papa-francesco\/","title":{"rendered":"FELICE SCALIA INCONTRA PAPA FRANCESCO"},"content":{"rendered":"<div id=\"attachment_150616\" style=\"width: 910px\" class=\"wp-caption alignleft\"><img loading=\"lazy\" decoding=\"async\" aria-describedby=\"caption-attachment-150616\" class=\"size-full wp-image-150616\" src=\"https:\/\/nuovosoldo.com\/wp-content\/uploads\/2022\/02\/Papa-Francesco-con-Felice-scalia-e-e1644778424651.jpg\" alt=\"\" width=\"900\" height=\"600\" \/><p id=\"caption-attachment-150616\" class=\"wp-caption-text\">Papa Francesco con Felice Scalia e il Cardinale Marcello Semeraro<\/p><\/div>\n<p>Gioved\u00ec 10 febbraio Padre Felice Scalia, conosciuto a Messina per la sua azione pastorale pluridecennale sempre attenta ai problemi sociali, \u00e8 stato ricevuto in udienza privata da Papa Francesco; all\u2019incontro era presente il cardinale Marcello Semeraro, Prefetto della Congregazione delle Cause dei Santi. Questo incontro ci sembra il giusto riconoscimento per un percorso di fede coerente, caratterizzato da grande libert\u00e0 di pensiero, profonda riflessione teologica e una voce semplice e ferma allo stesso tempo, che ha sempre esortato a vivere nella concretezza dei tempi la parola di Dio.<\/p>\n<p>Felice Scalia \u00e8 un sacerdote che ha sempre mantenuto accesa la speranza negli esiti del Concilio Ecumenico Vaticano II, anche nei lunghi periodi in cui, per la Chiesa stessa, attuare il cambiamento conciliare si \u00e8 rivelato difficile e controverso. Proprio per questo \u00e8 stato sempre in grande sintonia con Papa Francesco \u2013 non certo per la comune appartenenza all\u2019ordine dei gesuiti \u2013 ma per la condivisa volont\u00e0 di restituire la Chiesa alla fedelt\u00e0 e alla centralit\u00e0 del Vangelo di Ges\u00f9, contro il devozionalismo disincarnato e il clericalismo.<\/p>\n<p>Proprio nel suo ultimo libro \u201c<em>Povero Ges\u00f9<\/em>\u201d, Felice Scalia, da un lato, sottolinea l\u2019importanza storica delle Encicliche <em>Laudato s\u00ec<\/em> e \u00a0<em>Fratelli tutti<\/em> emanate da un Papa seriamente e profeticamente preoccupato per la Terra e per i suoi figli, \u201cche spesso augura ai vecchi di avere sogni e ai giovani di essere profeti\u201d; dall\u2019altro, non evita di denunciare la parte del \u201csistema cattolicistico\u201d che denigra Papa Bergoglio proprio perch\u00e9 in nome del Cristo del Vangelo non parla del bene della Chiesa ma del bene dell\u2019umanit\u00e0: \u201cCrea fastidio anche a vederlo chi parla di giustizia sociale, di nonviolenza, del diritto alla vita e alla pace, di Chiesa dei poveri, di dialogo fra religioni, dei diritti degli ultimi, dell\u2019egoismo miope dei paesi ricchi\u201d. Se un Papa vuole che la Parola di Dio entri e trasformi la vita delle persone, diventa \u201cl\u2019uomo pi\u00f9 pericoloso del mondo\u201d e non invece quello che Scalia, con Bauman, definisce \u201cil pi\u00f9 grande dono offerto dalla Chiesa cristiana al mondo contemporaneo\u201d.<\/p>\n<p>L\u2019impegno pastorale di padre Scalia, si svolge in diversi ambiti, principalmente nella Chiesa di Santa Maria della Scala, nel M.E.G. (Movimento Eucaristico Giovanile), nella Piccola Comunit\u00e0 Nuovi Orizzonti e nel gruppo Terra e Cielo. \u00c8 membro del Consiglio presbiterale dell\u2019<a href=\"https:\/\/www.diocesimessina.it\/wd-annuario-enti\/arcidiocesi-di-messina-lipari-santa-lucia-del-mela-1\/\">Arcidiocesi di Messina, Lipari e Santa Lucia del Mela<\/a>. Laureato in filosofia, teologia e scienze dell\u2019educazione, ha insegnato alla facolt\u00e0 teologica dell\u2019Italia meridionale e poi all\u2019Istituto Superiore di Scienze umane e religiose di Messina. Per la rivista \u201cVita Pastorale\u201d ha curato diversi dossier. Collabora con \u201cPresbyteri\u201d, \u201cHoreb\u201d, \u201cRivista del clero\u201d, \u201cVita consacrata\u201d, \u201cSpirito e Vita\u201d. Negli ultimi anni ha pubblicato con le Ed. La Meridiana: <em>La teologia scomoda<\/em> (2008), <em>Il Cristo degli uomini liberi<\/em> (2010) e <em>Povero Ges\u00f9<\/em> (2022).<\/p>\n","protected":false},"excerpt":{"rendered":"<p>Gioved\u00ec 10 febbraio Padre Felice Scalia, conosciuto a Messina per la sua azione pastorale pluridecennale sempre attenta ai problemi sociali, \u00e8 stato ricevuto in udienza privata da Papa Francesco; all\u2019incontro era presente il <a href=\"https:\/\/nuovosoldo.com\/index.php\/2022\/02\/13\/felice-scalia-incontra-papa-francesco\/\" class=\"more-link\">&#8230;<\/a><\/p>\n","protected":false},"author":6,"featured_media":150616,"comment_status":"open","ping_status":"closed","sticky":false,"template":"","format":"standard","meta":{"_acf_changed":false,"footnotes":""},"categories":[1],"tags":[],"categoria_articolo":[8084,8078],"tag_articolo":[],"collezione":[],"class_list":["post-150615","post","type-post","status-publish","format-standard","has-post-thumbnail","hentry","category-senza-categoria","categoria_articolo-arte-e-cultura","categoria_articolo-cronaca"],"acf":[],"_links":{"self":[{"href":"https:\/\/nuovosoldo.com\/index.php\/wp-json\/wp\/v2\/posts\/150615","targetHints":{"allow":["GET"]}}],"collection":[{"href":"https:\/\/nuovosoldo.com\/index.php\/wp-json\/wp\/v2\/posts"}],"about":[{"href":"https:\/\/nuovosoldo.com\/index.php\/wp-json\/wp\/v2\/types\/post"}],"author":[{"embeddable":true,"href":"https:\/\/nuovosoldo.com\/index.php\/wp-json\/wp\/v2\/users\/6"}],"replies":[{"embeddable":true,"href":"https:\/\/nuovosoldo.com\/index.php\/wp-json\/wp\/v2\/comments?post=150615"}],"version-history":[{"count":2,"href":"https:\/\/nuovosoldo.com\/index.php\/wp-json\/wp\/v2\/posts\/150615\/revisions"}],"predecessor-version":[{"id":150618,"href":"https:\/\/nuovosoldo.com\/index.php\/wp-json\/wp\/v2\/posts\/150615\/revisions\/150618"}],"wp:featuredmedia":[{"embeddable":true,"href":"https:\/\/nuovosoldo.com\/index.php\/wp-json\/wp\/v2\/media\/150616"}],"wp:attachment":[{"href":"https:\/\/nuovosoldo.com\/index.php\/wp-json\/wp\/v2\/media?parent=150615"}],"wp:term":[{"taxonomy":"category","embeddable":true,"href":"https:\/\/nuovosoldo.com\/index.php\/wp-json\/wp\/v2\/categories?post=150615"},{"taxonomy":"post_tag","embeddable":true,"href":"https:\/\/nuovosoldo.com\/index.php\/wp-json\/wp\/v2\/tags?post=150615"},{"taxonomy":"categoria_articolo","embeddable":true,"href":"https:\/\/nuovosoldo.com\/index.php\/wp-json\/wp\/v2\/categoria_articolo?post=150615"},{"taxonomy":"tag_articolo","embeddable":true,"href":"https:\/\/nuovosoldo.com\/index.php\/wp-json\/wp\/v2\/tag_articolo?post=150615"},{"taxonomy":"collezione","embeddable":true,"href":"https:\/\/nuovosoldo.com\/index.php\/wp-json\/wp\/v2\/collezione?post=150615"}],"curies":[{"name":"wp","href":"https:\/\/api.w.org\/{rel}","templated":true}]}}