{"id":154278,"date":"2022-06-03T12:27:17","date_gmt":"2022-06-03T10:27:17","guid":{"rendered":"https:\/\/nuovosoldo.com\/?p=154278"},"modified":"2022-06-08T12:50:36","modified_gmt":"2022-06-08T10:50:36","slug":"mostrava-evidenti-segni-di-nervosismo","status":"publish","type":"post","link":"https:\/\/nuovosoldo.com\/index.php\/2022\/06\/03\/mostrava-evidenti-segni-di-nervosismo\/","title":{"rendered":"\u201cMostrava evidenti segni di nervosismo\u2026\u201d"},"content":{"rendered":"<p>Piena solidariet\u00e0 a Claudio Risitano: \u00e8 quanto dichiarano i firmatari di questo documento pubblico, dopo che giorno 30 pomeriggio \u00e8 stato sottoposto a perquisizione personale e della propria auto. Gli agenti della Polizia erano alla ricerca di \u201carmi, esplosivi o strumenti di effrazione\u201d, ma Claudio, davanti al bar Spadaro del Muricello, ovviamente non aveva niente di tutto questo. Cos\u00ec pure non ne nascondeva nella sua automobile in via Torrente Trapani. Ma egualmente la perquisizione \u201c\u00e8 stata eseguita \u2013 si legge nel verbale della Polizia \u2013 poich\u00e9 la persona indicata in oggetto all\u2019atto del controllo mostrava evidenti segni di nervosismo\u201d.<\/p>\n<p>Il fatto suscita indignazione e riprovazione: ne prendano atto Questore e Prefetto. Ma soprattutto si presenta come una lesione dei diritti costituzionali del cittadino, in questo caso Claudio Risitano, ma domani potrebbe riguardare ognuno di noi. La violazione \u00e8 avallata da decisioni politiche e da indirizzi di livello molto pi\u00f9 alto di quello locale. A 150 metri dal Muricello, in piazza Casa Pia, quel pomeriggio del 30, c\u2019era uno dei leader politici nazionali che hanno stracciato letteralmente l\u2019art. 11 della Costituzione, facendo dell\u2019Italia un Paese cobelligerante nei fatti.<\/p>\n<p>In questo anno 2022 \u00e8 cresciuta in noi la preoccupazione per la tenuta democratica del Paese, visto che vengono violate costantemente prerogative del Parlamento, che la crisi economica attinge e colpisce gi\u00e0 i ceti popolari, mentre si assiste a una forte crescita della diseguaglianza sociale, che diritti storicamente conquistati vengono fortemente messi in discussione. \u00c8 chiaro che episodi come quello del 30 pomeriggio al Muricello non si debbono ripetere e la vigilanza democratica non si deve abbassare, anche rispetto a fatti apparentemente \u201cminori\u201d ma esemplificativi di una situazione in corso di deterioramento democratico a cui occorre opporre un argine.<\/p>\n<p>Enrica Amagliani<\/p>\n<p>Giacomo Anselmo<\/p>\n<p>Marina Barbera<\/p>\n<p>Tindaro Bellinvia<\/p>\n<p>Enzo Bertuccelli<\/p>\n<p>Francesco Bertuccelli<\/p>\n<p>Ketty Bertuccelli<\/p>\n<p>Giovanni Bombaci<\/p>\n<p>Tania Bombaci<\/p>\n<p>Santino Bonfiglio<\/p>\n<p>Giovanna Bottari<\/p>\n<p>Angela Cacciola<\/p>\n<p>Tonino Cafeo<\/p>\n<p>Elisa Calabr\u00f2<\/p>\n<p>Patrizia Caminiti<\/p>\n<p>Eliana Campagna<\/p>\n<p>Maria Cannata<\/p>\n<p>Sostine Cannata<\/p>\n<p>Giuseppe Cardullo<\/p>\n<p>Floriana Castiglia<\/p>\n<p>Gabriella Celona<\/p>\n<p>Rocco Chirieleison<\/p>\n<p>Carmelo Chit\u00e9<\/p>\n<p>Fausto Clemente<\/p>\n<p>Marco Corrao<\/p>\n<p>Annamaria Cosenza<\/p>\n<p>Lucio Costa<\/p>\n<p>Paola Cotroneo<\/p>\n<p>Giuseppe Cullur\u00e0 Altavilla<\/p>\n<p>Antonio Curr\u00f2<\/p>\n<p>Lucia Di Pietro<\/p>\n<p>Rosario Duca<\/p>\n<p>Paola Fazio<\/p>\n<p>Rosanna Fiuman\u00f2<\/p>\n<p>Angela Flocco<\/p>\n<p>Francesca Fusco<\/p>\n<p>Aldo Gatto<\/p>\n<p>Gaetano Gemelli<\/p>\n<p>Carmelo Geraci<\/p>\n<p>Beniamino Ginatempo<\/p>\n<p>Dario Giuffrida<\/p>\n<p>Concetta Giunta<\/p>\n<p>Orazio Grimaldi<\/p>\n<p>Alessandro Grussu<\/p>\n<p>Paola Guccione<\/p>\n<p>Giacomo Gugliandolo<\/p>\n<p>Elina Gugliuzzo<\/p>\n<p>Antonino Gussio<\/p>\n<p>Daniele Ialacqua<\/p>\n<p>Giuseppe Ialacqua<\/p>\n<p>Lucia Intruglio<\/p>\n<p>Antonio Isgr\u00f2<\/p>\n<p>Giulia La Fauci<\/p>\n<p>Giovanna Lazzaro<\/p>\n<p>Filippo Aldo Liparoti<\/p>\n<p>Giuseppe Lucchesi<\/p>\n<p>Tina Luppino<\/p>\n<p>Egidio Maio<\/p>\n<p>Gaetano Mammano<\/p>\n<p>Federico Martino<\/p>\n<p>Giuseppe Martino<\/p>\n<p>Daniela Meli<\/p>\n<p>Antonio Mento<\/p>\n<p>Giulia Merlino<\/p>\n<p>Simonetta Micale<\/p>\n<p>Valeria Micalizzi<\/p>\n<p>Viviana Montalto<\/p>\n<p>Teresa Musciarisi<\/p>\n<p>Riccardo Orioles<\/p>\n<p>Mariangela Orlando<\/p>\n<p>Tina Palmisano<\/p>\n<p>Francesco Papalia<\/p>\n<p>Paola Paratore<\/p>\n<p>Carmelo Picciotto<\/p>\n<p>Mariangela Pizzo<\/p>\n<p>Daniele Pompejano<\/p>\n<p>Paola Pompejano<\/p>\n<p>Carmen Puglisi<\/p>\n<p>Giovanna Quartarone<\/p>\n<p>Maria Raccuia Barone<\/p>\n<p>Annalisa Raffa<\/p>\n<p>Loredana Raffa<\/p>\n<p>Valentina Raffa<\/p>\n<p>Adriano Randazzo<\/p>\n<p>Giuseppe Restifo<\/p>\n<p>Ivana Risitano<\/p>\n<p>Angela Rizzo<\/p>\n<p>Valentina Roberto<\/p>\n<p>Liboria Nuccia Romano<\/p>\n<p>Fabrizio Saffioti<\/p>\n<p>Silvana Salandra<\/p>\n<p>Rosalba Salvo<\/p>\n<p>Giuliana San\u00f2<\/p>\n<p>Anna Schepis<\/p>\n<p>Rosa Scimone<\/p>\n<p>Elena Scrima<\/p>\n<p>Dario Smedile<\/p>\n<p>Alice Solano<\/p>\n<p>Alessandro Solano<\/p>\n<p>Francesco Solano<\/p>\n<p>Mimma Stornanti<\/p>\n<p>Gino Sturniolo<\/p>\n<p>Chiara Tavilla<\/p>\n<p>Giovanni Tomasello<\/p>\n<p>Eugenia Trunzo<\/p>\n<p>Gino Vecchione<\/p>\n<p>Margot Villari<\/p>\n<p>Roberta Viola<\/p>\n<p>&nbsp;<\/p>\n<p>&nbsp;<\/p>\n<p>&nbsp;<\/p>\n<p>&nbsp;<\/p>\n<p>&nbsp;<\/p>\n<p>&nbsp;<\/p>\n<p>&nbsp;<\/p>\n<p>&nbsp;<\/p>\n<p>&nbsp;<\/p>\n","protected":false},"excerpt":{"rendered":"<p>Piena solidariet\u00e0 a Claudio Risitano: \u00e8 quanto dichiarano i firmatari di questo documento pubblico, dopo che giorno 30 pomeriggio \u00e8 stato sottoposto a perquisizione personale e della propria auto. Gli agenti della Polizia <a href=\"https:\/\/nuovosoldo.com\/index.php\/2022\/06\/03\/mostrava-evidenti-segni-di-nervosismo\/\" class=\"more-link\">&#8230;<\/a><\/p>\n","protected":false},"author":6,"featured_media":154279,"comment_status":"open","ping_status":"closed","sticky":false,"template":"","format":"standard","meta":{"_acf_changed":false,"footnotes":""},"categories":[1],"tags":[],"categoria_articolo":[],"tag_articolo":[8098],"collezione":[],"class_list":["post-154278","post","type-post","status-publish","format-standard","has-post-thumbnail","hentry","category-senza-categoria","tag_articolo-antifascismo"],"acf":[],"_links":{"self":[{"href":"https:\/\/nuovosoldo.com\/index.php\/wp-json\/wp\/v2\/posts\/154278","targetHints":{"allow":["GET"]}}],"collection":[{"href":"https:\/\/nuovosoldo.com\/index.php\/wp-json\/wp\/v2\/posts"}],"about":[{"href":"https:\/\/nuovosoldo.com\/index.php\/wp-json\/wp\/v2\/types\/post"}],"author":[{"embeddable":true,"href":"https:\/\/nuovosoldo.com\/index.php\/wp-json\/wp\/v2\/users\/6"}],"replies":[{"embeddable":true,"href":"https:\/\/nuovosoldo.com\/index.php\/wp-json\/wp\/v2\/comments?post=154278"}],"version-history":[{"count":25,"href":"https:\/\/nuovosoldo.com\/index.php\/wp-json\/wp\/v2\/posts\/154278\/revisions"}],"predecessor-version":[{"id":154467,"href":"https:\/\/nuovosoldo.com\/index.php\/wp-json\/wp\/v2\/posts\/154278\/revisions\/154467"}],"wp:featuredmedia":[{"embeddable":true,"href":"https:\/\/nuovosoldo.com\/index.php\/wp-json\/wp\/v2\/media\/154279"}],"wp:attachment":[{"href":"https:\/\/nuovosoldo.com\/index.php\/wp-json\/wp\/v2\/media?parent=154278"}],"wp:term":[{"taxonomy":"category","embeddable":true,"href":"https:\/\/nuovosoldo.com\/index.php\/wp-json\/wp\/v2\/categories?post=154278"},{"taxonomy":"post_tag","embeddable":true,"href":"https:\/\/nuovosoldo.com\/index.php\/wp-json\/wp\/v2\/tags?post=154278"},{"taxonomy":"categoria_articolo","embeddable":true,"href":"https:\/\/nuovosoldo.com\/index.php\/wp-json\/wp\/v2\/categoria_articolo?post=154278"},{"taxonomy":"tag_articolo","embeddable":true,"href":"https:\/\/nuovosoldo.com\/index.php\/wp-json\/wp\/v2\/tag_articolo?post=154278"},{"taxonomy":"collezione","embeddable":true,"href":"https:\/\/nuovosoldo.com\/index.php\/wp-json\/wp\/v2\/collezione?post=154278"}],"curies":[{"name":"wp","href":"https:\/\/api.w.org\/{rel}","templated":true}]}}