{"id":177692,"date":"2026-08-23T11:02:26","date_gmt":"2026-08-23T09:02:26","guid":{"rendered":"https:\/\/nuovosoldo.com\/?p=177692"},"modified":"2026-08-23T11:14:26","modified_gmt":"2026-08-23T09:14:26","slug":"musica-sinfonica-a-castanea-nel-concerto-al-tramonto-in-occasione-del-270-anniversario-della-nascita-di-mozart","status":"publish","type":"post","link":"https:\/\/nuovosoldo.com\/index.php\/2026\/08\/23\/musica-sinfonica-a-castanea-nel-concerto-al-tramonto-in-occasione-del-270-anniversario-della-nascita-di-mozart\/","title":{"rendered":"Musica sinfonica a Castanea nel \u201cConcerto al Tramonto\u201d, in occasione del 270\u00b0 anniversario della nascita di Mozart"},"content":{"rendered":"<p>Grande Musica a Castanea oggi, domenica 23 agosto, con inizio alle 20,00, nel \u201c<em>Concerto al tramonto<\/em>\u201d, in occasione del 270\u00ba anno dalla nascita del compositore salisburghese Mozart. Su iniziativa del M\u00b0 <strong>Orazio Baronello<\/strong> si terr\u00e0 a Castanea un originale concerto di musica sinfonica alla presenza di due solisti d\u2019eccezione: il primo clarinetto dell\u2019Orchestra del teatro Massimo di Palermo, <strong>Giuseppe Balbi<\/strong> e il cornista dell\u2019Orchestra Nazionale\u00a0 della Rai, <strong>Gabriele Amar\u00f9<\/strong> che eseguiranno il Concerto per clarinetto e orchestra in La maggiore K6 122 e il concerto percorrono e orchestra numero tre in Mi Bemolle maggiore e ancora la piccola Serenata Notturna e il Divertimento K 136 Re maggiore.<\/p>\n<p>Sar\u00e0 una serata indimenticabile considerata anche la location: il promontorio del Tonnara a Castanea, da dove si pu\u00f2 apprezzare l\u2019affascinante tramonto e le sonorit\u00e0 scaturite dalle belle melodie degli strumenti dell\u2019Orchestra \u201c<strong>I cameristi del Mediterraneo<\/strong>\u201d. Il concerto avr\u00e0 inizio alle ore 20:00, subito dopo il tramonto che comincer\u00e0 alle 19:40. A condurre la serata sar\u00e0 la giornalista <strong>Letizia Lucca<\/strong>, mentre il commento musicale \u00e8 affidato al prof. <strong>Cesare Natoli.<\/strong><\/p>\n<p>Per raggiungere pi\u00f9 facilmente il luogo del concerto, ci sar\u00e0 un bus-navetta che a partire dalle 18,30, far\u00e0 la spola dalla piazza S.S. Rosario di Castanea.<\/p>\n","protected":false},"excerpt":{"rendered":"<p>Grande Musica a Castanea oggi, domenica 23 agosto, con inizio alle 20,00, nel \u201cConcerto al tramonto\u201d, in occasione del 270\u00ba anno dalla nascita del compositore salisburghese Mozart. Su iniziativa del M\u00b0 Orazio Baronello <a href=\"https:\/\/nuovosoldo.com\/index.php\/2026\/08\/23\/musica-sinfonica-a-castanea-nel-concerto-al-tramonto-in-occasione-del-270-anniversario-della-nascita-di-mozart\/\" class=\"more-link\">&#8230;<\/a><\/p>\n","protected":false},"author":6,"featured_media":177693,"comment_status":"open","ping_status":"closed","sticky":false,"template":"","format":"standard","meta":{"_acf_changed":false,"footnotes":""},"categories":[1],"tags":[],"categoria_articolo":[8084,8078],"tag_articolo":[8092],"collezione":[],"class_list":["post-177692","post","type-post","status-publish","format-standard","has-post-thumbnail","hentry","category-senza-categoria","categoria_articolo-arte-e-cultura","categoria_articolo-cronaca","tag_articolo-musica"],"acf":[],"_links":{"self":[{"href":"https:\/\/nuovosoldo.com\/index.php\/wp-json\/wp\/v2\/posts\/177692","targetHints":{"allow":["GET"]}}],"collection":[{"href":"https:\/\/nuovosoldo.com\/index.php\/wp-json\/wp\/v2\/posts"}],"about":[{"href":"https:\/\/nuovosoldo.com\/index.php\/wp-json\/wp\/v2\/types\/post"}],"author":[{"embeddable":true,"href":"https:\/\/nuovosoldo.com\/index.php\/wp-json\/wp\/v2\/users\/6"}],"replies":[{"embeddable":true,"href":"https:\/\/nuovosoldo.com\/index.php\/wp-json\/wp\/v2\/comments?post=177692"}],"version-history":[{"count":2,"href":"https:\/\/nuovosoldo.com\/index.php\/wp-json\/wp\/v2\/posts\/177692\/revisions"}],"predecessor-version":[{"id":177695,"href":"https:\/\/nuovosoldo.com\/index.php\/wp-json\/wp\/v2\/posts\/177692\/revisions\/177695"}],"wp:featuredmedia":[{"embeddable":true,"href":"https:\/\/nuovosoldo.com\/index.php\/wp-json\/wp\/v2\/media\/177693"}],"wp:attachment":[{"href":"https:\/\/nuovosoldo.com\/index.php\/wp-json\/wp\/v2\/media?parent=177692"}],"wp:term":[{"taxonomy":"category","embeddable":true,"href":"https:\/\/nuovosoldo.com\/index.php\/wp-json\/wp\/v2\/categories?post=177692"},{"taxonomy":"post_tag","embeddable":true,"href":"https:\/\/nuovosoldo.com\/index.php\/wp-json\/wp\/v2\/tags?post=177692"},{"taxonomy":"categoria_articolo","embeddable":true,"href":"https:\/\/nuovosoldo.com\/index.php\/wp-json\/wp\/v2\/categoria_articolo?post=177692"},{"taxonomy":"tag_articolo","embeddable":true,"href":"https:\/\/nuovosoldo.com\/index.php\/wp-json\/wp\/v2\/tag_articolo?post=177692"},{"taxonomy":"collezione","embeddable":true,"href":"https:\/\/nuovosoldo.com\/index.php\/wp-json\/wp\/v2\/collezione?post=177692"}],"curies":[{"name":"wp","href":"https:\/\/api.w.org\/{rel}","templated":true}]}}