{"id":177696,"date":"2026-08-24T10:06:05","date_gmt":"2026-08-24T08:06:05","guid":{"rendered":"https:\/\/nuovosoldo.com\/?p=177696"},"modified":"2026-08-24T10:06:05","modified_gmt":"2026-08-24T08:06:05","slug":"lettera-aperta-a-roberto-vannacci-a-firma-di-alcuni-sacerdoti","status":"publish","type":"post","link":"https:\/\/nuovosoldo.com\/index.php\/2026\/08\/24\/lettera-aperta-a-roberto-vannacci-a-firma-di-alcuni-sacerdoti\/","title":{"rendered":"LETTERA APERTA A ROBERTO VANNACCI a firma di alcuni sacerdoti"},"content":{"rendered":"<div id=\"attachment_177697\" style=\"width: 848px\" class=\"wp-caption aligncenter\"><img loading=\"lazy\" decoding=\"async\" aria-describedby=\"caption-attachment-177697\" class=\"size-large wp-image-177697\" src=\"https:\/\/nuovosoldo.com\/wp-content\/uploads\/2026\/08\/IMG_20260824_100205-838x1024.jpg\" alt=\"\" width=\"838\" height=\"1024\" srcset=\"https:\/\/nuovosoldo.com\/wp-content\/uploads\/2026\/08\/IMG_20260824_100205-838x1024.jpg 838w, https:\/\/nuovosoldo.com\/wp-content\/uploads\/2026\/08\/IMG_20260824_100205-245x300.jpg 245w, https:\/\/nuovosoldo.com\/wp-content\/uploads\/2026\/08\/IMG_20260824_100205-768x939.jpg 768w, https:\/\/nuovosoldo.com\/wp-content\/uploads\/2026\/08\/IMG_20260824_100205.jpg 1080w\" sizes=\"auto, (max-width: 838px) 100vw, 838px\" \/><p id=\"caption-attachment-177697\" class=\"wp-caption-text\">Foto da profilo facebook di Antonio Fiumefreddo<\/p><\/div>\n<p>Egregio Generale Vannacci,<\/p>\n<p>Le scriviamo come sacerdoti, quotidianamente impegnati a servire il Vangelo, per esprimere il nostro profondo dissenso e sconcerto di fronte alle sue recenti dichiarazioni.<\/p>\n<p>Ci riferiamo, nello specifico, alla conferenza stampa tenutasi alla Camera dei Deputati nei giorni scorsi, per presentare le proposte politiche ed energetiche del movimento \u201cFuturo Nazionale\u201d, durante la quale Lei ha esplicitamente definito l\u2019apostolo Paolo come un \u201ccamerata\u201d, richiamando un fantomatico \u201cprincipio economico paolino\u201d che troverebbe fondamento sulle parole dell\u2019apostolo delle genti: \u201cchi non vuol lavorare neppure mangi\u201d, per giustificare l\u2018abolizione o il forte ridimensionamento dei sussidi sociali.<\/p>\n<p>Orbene, associare la figura di San Paolo a un termine storicamente legato a ideologie totalitarie e di parte \u2013 per di pi\u00f9 all\u2019interno del programma di una fazione politica \u2013 rappresenta una grave e inaccettabile strumentalizzazione della fede. Si tratta di una lettura anacronistica che nega la natura profonda della missione dell\u2019apostolo. La citazione da Lei utilizzata \u2013 tratta dalla Seconda Lettera ai Tessalonicesi (3,10) \u2013 viene completamente decontestualizzata e trasformata in uno slogan economico per un manifesto d\u2019esclusione sociale. San Paolo non stava dettando regole di economia politica per uno Stato, n\u00e9 invocava punizioni contro i poveri. Si rivolgeva a una comunit\u00e0 cristiana primitiva esortandola alla responsabilit\u00e0 fraterna e al dovere morale di non essere di peso agli altri, affinch\u00e9 la carit\u00e0 potesse risplendere. Piegare quel versetto per colpire chi si trova in condizioni di marginalit\u00e0, significa dimenticare l\u2019immenso corpus paolino sulla solidariet\u00e0. San Paolo, che Lei maldestramente cita, \u00e8 lo stesso che amava ripetere: \u201cvi \u00e8 pi\u00f9 gioia nel dare che nel ricevere\u201d (Atti 20,35) e che esortava con forza i credenti a farsi carico dei bisognosi: \u201cLa vostra abbondanza supplisca alla loro indigenza, perch\u00e9 anche la loro abbondanza supplisca alla vostra indigenza, e vi sia uguaglianza\u201d (2 Corinzi 8,14).<\/p>\n<p>San Paolo non \u00e8 stato l\u2019esponente di un pensiero politico, n\u00e9 il militante di una fazione contrapposta a qualsivoglia nemico umano. Egli \u00e8 l\u2019uomo dell\u2019incontro, consapevole che la croce di Cristo ha abbattuto ogni muro di divisione del suo tempo (cfr. Ef 2,14)), annunciando tra l\u2019altro, che \u201cnon c\u2019\u00e8 pi\u00f9 giudeo n\u00e9 greco; non c\u2019\u00e8 pi\u00f9 schiavo n\u00e9 libero; non c\u2019\u00e8 pi\u00f9 uomo n\u00e9 donna, poich\u00e9 tutti voi siete uno in Cristo Ges\u00f9\u201d (Galati 3,28). Il suo messaggio \u00e8 l\u2019esatto contrario di qualsiasi ideologia basata sulla supremazia, sull\u2019esclusione o sulla divisione in blocchi contrapposti. La parola \u201ccamerata\u201d richiama dinamiche di appartenenza chiusa, cameratismo militare e militanza politica del Novecento a lei, evidentemente, molto congeniali. San Paolo, al contrario, parlava di \u201cfratelli\u201d e \u201csorelle\u201d, estendendo questa dignit\u00e0 a ogni essere umano, senza distinzione di razza, cultura o ceto sociale. La sua unica sottomissione era rivolta a Cristo, il suo unico e quotidiano impegno era il servizio umile ed efficace della carit\u00e0 che \u201ctutto copre, tutto crede, tutto spera, tutto sopporta\u201d (1 Corinzi 13,7).<\/p>\n<p>Come sacerdoti non possiamo assistere in silenzio al tentativo di arruolare i santi della Chiesa sotto le bandiere del dibattito elettorale, n\u00e9 di vederli accostati a slogan di partito pronunciati nelle aule delle istituzioni. La figura di San Paolo appartiene a tutti ed \u00e8 un patrimonio di salvezza universale che scuote le coscienze, non un simbolo da piegare alle retoriche di parte.<\/p>\n<p>La invitiamo, pertanto, a rispettare la sacralit\u00e0 delle Scritture e la storia della Chiesa, ricordando le parole stesse dell\u2019apostolo: \u201cnessuno cerchi il proprio interesse, ma ciascuno quello degli altri\u201d (1 Corinzi 10,24).<\/p>\n<p>Le Sacre Scritture non si prestano a essere ridotte a un manifesto politico.<\/p>\n<p>&nbsp;<\/p>\n<p>Don Ennio Stamile<\/p>\n<p>Don Marcello Cozzi<\/p>\n<p>Don Tonio Dell\u2019Olio<\/p>\n<p>Don Giorgio Pisano<\/p>\n<p>Don Franco Corbo<\/p>\n<p>Don Antonio Marrapodi<\/p>\n<p>Don Lorenzo Langella<\/p>\n<p>Don Paolo Viggiano<\/p>\n<p>Don Francesco Carlino<\/p>\n<p>Don Enzo Chiodo<\/p>\n<p>Don Attilio Foscaldi<\/p>\n","protected":false},"excerpt":{"rendered":"<p>Egregio Generale Vannacci, Le scriviamo come sacerdoti, quotidianamente impegnati a servire il Vangelo, per esprimere il nostro profondo dissenso e sconcerto di fronte alle sue recenti dichiarazioni. Ci riferiamo, nello specifico, alla conferenza <a href=\"https:\/\/nuovosoldo.com\/index.php\/2026\/08\/24\/lettera-aperta-a-roberto-vannacci-a-firma-di-alcuni-sacerdoti\/\" class=\"more-link\">&#8230;<\/a><\/p>\n","protected":false},"author":6,"featured_media":177697,"comment_status":"open","ping_status":"closed","sticky":false,"template":"","format":"standard","meta":{"_acf_changed":false,"footnotes":""},"categories":[1],"tags":[],"categoria_articolo":[8192],"tag_articolo":[8100,8103,8193],"collezione":[],"class_list":["post-177696","post","type-post","status-publish","format-standard","has-post-thumbnail","hentry","category-senza-categoria","categoria_articolo-politica-e-amministrazione","tag_articolo-movimenti","tag_articolo-politica","tag_articolo-solidarieta"],"acf":[],"_links":{"self":[{"href":"https:\/\/nuovosoldo.com\/index.php\/wp-json\/wp\/v2\/posts\/177696","targetHints":{"allow":["GET"]}}],"collection":[{"href":"https:\/\/nuovosoldo.com\/index.php\/wp-json\/wp\/v2\/posts"}],"about":[{"href":"https:\/\/nuovosoldo.com\/index.php\/wp-json\/wp\/v2\/types\/post"}],"author":[{"embeddable":true,"href":"https:\/\/nuovosoldo.com\/index.php\/wp-json\/wp\/v2\/users\/6"}],"replies":[{"embeddable":true,"href":"https:\/\/nuovosoldo.com\/index.php\/wp-json\/wp\/v2\/comments?post=177696"}],"version-history":[{"count":1,"href":"https:\/\/nuovosoldo.com\/index.php\/wp-json\/wp\/v2\/posts\/177696\/revisions"}],"predecessor-version":[{"id":177698,"href":"https:\/\/nuovosoldo.com\/index.php\/wp-json\/wp\/v2\/posts\/177696\/revisions\/177698"}],"wp:featuredmedia":[{"embeddable":true,"href":"https:\/\/nuovosoldo.com\/index.php\/wp-json\/wp\/v2\/media\/177697"}],"wp:attachment":[{"href":"https:\/\/nuovosoldo.com\/index.php\/wp-json\/wp\/v2\/media?parent=177696"}],"wp:term":[{"taxonomy":"category","embeddable":true,"href":"https:\/\/nuovosoldo.com\/index.php\/wp-json\/wp\/v2\/categories?post=177696"},{"taxonomy":"post_tag","embeddable":true,"href":"https:\/\/nuovosoldo.com\/index.php\/wp-json\/wp\/v2\/tags?post=177696"},{"taxonomy":"categoria_articolo","embeddable":true,"href":"https:\/\/nuovosoldo.com\/index.php\/wp-json\/wp\/v2\/categoria_articolo?post=177696"},{"taxonomy":"tag_articolo","embeddable":true,"href":"https:\/\/nuovosoldo.com\/index.php\/wp-json\/wp\/v2\/tag_articolo?post=177696"},{"taxonomy":"collezione","embeddable":true,"href":"https:\/\/nuovosoldo.com\/index.php\/wp-json\/wp\/v2\/collezione?post=177696"}],"curies":[{"name":"wp","href":"https:\/\/api.w.org\/{rel}","templated":true}]}}