{"id":177699,"date":"2026-08-24T12:53:34","date_gmt":"2026-08-24T10:53:34","guid":{"rendered":"https:\/\/nuovosoldo.com\/?p=177699"},"modified":"2026-08-24T12:53:34","modified_gmt":"2026-08-24T10:53:34","slug":"isole-sara-il-tema-della-rassegna-cinematografica-internazionale-di-messina-2027","status":"publish","type":"post","link":"https:\/\/nuovosoldo.com\/index.php\/2026\/08\/24\/isole-sara-il-tema-della-rassegna-cinematografica-internazionale-di-messina-2027\/","title":{"rendered":"ISOLE SAR\u00c0 IL TEMA DELLA RASSEGNA CINEMATOGRAFICA INTERNAZIONALE DI MESSINA 2027"},"content":{"rendered":"<p>\u00abLa Rassegna Cinematografica Internazionale di Messina nasce anche da una promessa. Una promessa fatta, circa 5 anni fa, con Lelio Bonaccorso e una rappresentanza di artisti messinesi a Messina: tornare a credere nella capacit\u00e0 della nostra citt\u00e0 di essere un luogo di produzione, di cultura e di visione, e non soltanto un territorio da cui i talenti sono costretti a partire.<\/p>\n<p>Per questi motivi il tema della Rassegna Cinematografica Internazionale di Messina 2027 sar\u00e0 \u201cISole\u201d. \u201cISole\u201d \u00e8 un gioco di parole, dentro c&#8217;\u00e8 una precisa idea di citt\u00e0 e di comunit\u00e0.<\/p>\n<p>Messina stessa \u00e8 una citt\u00e0-isola e di confine, sospesa tra due sponde, tra la Sicilia e il continente, tra appartenenza e apertura, tra memoria e futuro. Il suo rapporto con il mare e con lo Stretto non rappresenta una distanza, ma una possibilit\u00e0 di relazione. \u201cISole\u201d vuole allora raccontare proprio questo: la possibilit\u00e0 di trasformare l&#8217;isolamento in connessione, la distanza in incontro, la marginalit\u00e0 in centro.<\/p>\n<p>\u00c8 un tema che riguarda profondamente anche gli artisti messinesi. Un talento pu\u00f2 nascere su un&#8217;isola, ma non deve per questo sentirsi periferico. Pu\u00f2 dialogare con il mondo senza rinunciare alla propria identit\u00e0. In questo senso, \u201cISole\u201d \u00e8 anche una dichiarazione di intenti della Rassegna: mettere in relazione le diverse \u201cisole\u201d del cinema contemporaneo, le autrici, gli autori, le generazioni, i territori, le culture e i linguaggi; creare connessioni tra Messina e il resto del mondo; dimostrare che proprio da un luogo percepito storicamente come periferico pu\u00f2 nascere un nuovo centro culturale\u00bb &#8211; con queste parole ha rivelato il tema della Rassegna Cinematografica Internazionale di Messina 2027 il direttore artistico Francesco Cannav\u00e0, alla conferenza stampa svoltasi luned\u00ec 17 agosto al Circolo del Tennis e della Vela.<\/p>\n<p>Cannav\u00e0 ha anche annunciato la nascita del Circolo Amiche e Amici della Rassegna: una comunit\u00e0 aperta di professionisti, artisti, operatori culturali, appassionati e cittadini che desiderino accompagnare nel tempo la crescita della Rassegna Cinematografica Internazionale di Messina. \u00abLa Rassegna \u2013 ha spiegato Cannav\u00e0 &#8211; vuole essere anche uno spazio capace di trasformare un patrimonio individuale di esperienze, professionalit\u00e0 e affetti in una nuova energia collettiva. Il Circolo nasce dunque con questo spirito: non soltanto sostenere una manifestazione, ma appartenere a un progetto culturale\u00bb.<\/p>\n<p>\u00abUn ringraziamento particolare a Ninni Bruschetta, al maestro Marco Dentici e a Giuseppe De Domenico che con grandissimo affetto e amicizia hanno voluto legare il loro nome alla rinata Rassegna. ll loro sostegno rappresenta qualcosa di pi\u00f9 di una semplice collaborazione: testimonia la volont\u00e0 di una comunit\u00e0 di riconoscersi nuovamente intorno alla propria citt\u00e0 e al proprio cinema\u00bb.<\/p>\n<p>Continuer\u00e0 la sinergia con il Dams di Messina diretto dal prof. Dario Tomasello e anche per la prossima edizione sono previste per gli studenti dell\u2019Universit\u00e0 di Messina, non solo le masterclass, ma anche le attivit\u00e0 come le giurie dei concorsi o la partecipazione nello staff organizzativo.<\/p>\n<p>Il direttore artistico ha ringraziato tutti coloro che hanno lavorato per il successo della Rassegna, conclusasi l\u20191 agosto, a cominciare dalla presenza preziosa del direttore di produzione Davide Liotta che con l\u2019associazione culturale ARB ha garantito ogni sera il perfetto funzionamento della Rassegna: \u00abA muovere tutti \u00a0&#8211; ha detto Liotta &#8211; \u00e8 stata la voglia profonda di contribuire a una nuova reputazione per la nostra comunit\u00e0. Da parte nostra, abbiamo risposto puntando sicuramente ai contenuti ma anche alle migliori dotazioni tecnologiche e garantendo un\u2019accoglienza d\u2019eccellenza agli ospiti giunti da fuori citt\u00e0. Quando si parla bene di Messina e se ne valorizza l&#8217;immagine, l&#8217;interesse diventa corale e contagioso\u00bb.<\/p>\n<p>Il regista e produttore ha poi sottolineato il lavoro del Comitato scientifico, presieduto da Franco Cicero e composto da professionisti come Nino Genovese, Cettina Donato, Dario Tomasello e Federico Vitella. Il giornalista Franco Cicero ha raccontato le vicende che hanno suggerito la ricostruzione storica della rassegna: \u00abLa componente cinematografica del Comitato &#8211; ha detto &#8211; \u00a0si \u00e8 mossa anzitutto su un compito primario ed essenziale, cio\u00e8 fissare con esattezza le origini storiche della \u201cRassegna\u201d, evidenziando il ruolo della citt\u00e0 di Messina e dei messinesi soprattutto nei decenni dell\u2019intersecazione con le attivit\u00e0 cinematografiche taorminesi che ha causato svariate confusioni, per fretta o superficialit\u00e0\u00bb ma ha poi anche sottolineato che \u00abin linea con il nostro Direttore artistico Francesco Cannav\u00e0, a noi componenti del Comitato interessano i fasti del presente e soprattutto quelli del futuro\u00bb.<\/p>\n<p>&nbsp;<\/p>\n<p>Cannav\u00e0 ha poi proseguito nei ringraziamenti rivolti al Circolo del Tennis e della Vela, col suo presidente Tato Spatari, e al Circolo della Borsa, con il presidente Alfonso Polto, che hanno messo a disposizione della Rassegna i loro spazi per accogliere e incontrare personalit\u00e0 della cultura internazionale e ha ricordato che la Rassegna si \u00e8 svolta grazie anche al sostegno del sindaco Federico Basile, del Comune di Messina, della Fondazione Messina per la Cultura presieduta dal sovrintendente Rosario Coppolino, del Presidente dell\u2019Autorit\u00e0 di Sistema Portuale dello Stretto, Francesco Rizzo.<\/p>\n<p>\u00abUn ringraziamento speciale poi\u00a0 &#8211; ha concluso il direttore artistico &#8211; a tutta la comunit\u00e0 professionale composta dal team della 8 Road Film fondata da Renata Giuliano, da Antonio Grasso e tutto lo staff di PVK per le riprese e il montaggio video, da Germana Arcidiacono coordinatrice tecnica coadiuvata da Michele La Rosa, dal fotografo Giuseppe Contarini, da Colapesce Studio di Giuliana Galletti e Roberta Sinardi per la Comunicazione Visuale e digitale, da Maria Arruzza per l\u2019ufficio stampa, da Samuele Fernandez per il sito web, da Gaetano Aspa e Carla Fiorentino per UniVersoMe insieme ai loro colleghi della redazione universitaria, da Mattia Lembo per l\u2019editing video, da Noemi David straordinario talento messinese che ha condotto le serate all\u2019Agor\u00e0 dello Stretto, da Ettore Liotta direttore tecnico, da Carlo Naccari fotografo, da Claudia Catanzaro per la gestione del pubblico insieme ad Alessia Scrima e Adriana Cicero, da Noemi Fucile coordinatrice degli ospiti che sono stati presenti durante le sette serate della Rassegna 2026 insieme a Pino De Domenico e Walter Arena, da Gilberto Flaccone e Andrea De Francesco in produzione, da Fabrizio La Scala e tutto lo staff del Cinema Apollo e non da ultimo a Mauro Cuc\u00e8 e al programma \u201cThe Stage\u201d con il quale la Rassegna si \u00e8 gemellato presentando ogni sera sul palco i talenti emersi nella trasmissione\u00bb.<\/p>\n","protected":false},"excerpt":{"rendered":"<p>\u00abLa Rassegna Cinematografica Internazionale di Messina nasce anche da una promessa. Una promessa fatta, circa 5 anni fa, con Lelio Bonaccorso e una rappresentanza di artisti messinesi a Messina: tornare a credere nella <a href=\"https:\/\/nuovosoldo.com\/index.php\/2026\/08\/24\/isole-sara-il-tema-della-rassegna-cinematografica-internazionale-di-messina-2027\/\" class=\"more-link\">&#8230;<\/a><\/p>\n","protected":false},"author":6,"featured_media":177700,"comment_status":"open","ping_status":"closed","sticky":false,"template":"","format":"standard","meta":{"_acf_changed":false,"footnotes":""},"categories":[1],"tags":[],"categoria_articolo":[],"tag_articolo":[8094],"collezione":[],"class_list":["post-177699","post","type-post","status-publish","format-standard","has-post-thumbnail","hentry","category-senza-categoria","tag_articolo-cinema"],"acf":[],"_links":{"self":[{"href":"https:\/\/nuovosoldo.com\/index.php\/wp-json\/wp\/v2\/posts\/177699","targetHints":{"allow":["GET"]}}],"collection":[{"href":"https:\/\/nuovosoldo.com\/index.php\/wp-json\/wp\/v2\/posts"}],"about":[{"href":"https:\/\/nuovosoldo.com\/index.php\/wp-json\/wp\/v2\/types\/post"}],"author":[{"embeddable":true,"href":"https:\/\/nuovosoldo.com\/index.php\/wp-json\/wp\/v2\/users\/6"}],"replies":[{"embeddable":true,"href":"https:\/\/nuovosoldo.com\/index.php\/wp-json\/wp\/v2\/comments?post=177699"}],"version-history":[{"count":1,"href":"https:\/\/nuovosoldo.com\/index.php\/wp-json\/wp\/v2\/posts\/177699\/revisions"}],"predecessor-version":[{"id":177701,"href":"https:\/\/nuovosoldo.com\/index.php\/wp-json\/wp\/v2\/posts\/177699\/revisions\/177701"}],"wp:featuredmedia":[{"embeddable":true,"href":"https:\/\/nuovosoldo.com\/index.php\/wp-json\/wp\/v2\/media\/177700"}],"wp:attachment":[{"href":"https:\/\/nuovosoldo.com\/index.php\/wp-json\/wp\/v2\/media?parent=177699"}],"wp:term":[{"taxonomy":"category","embeddable":true,"href":"https:\/\/nuovosoldo.com\/index.php\/wp-json\/wp\/v2\/categories?post=177699"},{"taxonomy":"post_tag","embeddable":true,"href":"https:\/\/nuovosoldo.com\/index.php\/wp-json\/wp\/v2\/tags?post=177699"},{"taxonomy":"categoria_articolo","embeddable":true,"href":"https:\/\/nuovosoldo.com\/index.php\/wp-json\/wp\/v2\/categoria_articolo?post=177699"},{"taxonomy":"tag_articolo","embeddable":true,"href":"https:\/\/nuovosoldo.com\/index.php\/wp-json\/wp\/v2\/tag_articolo?post=177699"},{"taxonomy":"collezione","embeddable":true,"href":"https:\/\/nuovosoldo.com\/index.php\/wp-json\/wp\/v2\/collezione?post=177699"}],"curies":[{"name":"wp","href":"https:\/\/api.w.org\/{rel}","templated":true}]}}