{"id":177753,"date":"2026-09-01T14:08:01","date_gmt":"2026-09-01T12:08:01","guid":{"rendered":"https:\/\/nuovosoldo.com\/?p=177753"},"modified":"2026-09-01T14:08:01","modified_gmt":"2026-09-01T12:08:01","slug":"il-coraggio-di-andare-oltre-la-logica-umana","status":"publish","type":"post","link":"https:\/\/nuovosoldo.com\/index.php\/2026\/09\/01\/il-coraggio-di-andare-oltre-la-logica-umana\/","title":{"rendered":"Il coraggio di andare oltre la logica umana"},"content":{"rendered":"<div id=\"page\" class=\"site\">\n<div id=\"custom-background-css\" class=\"wrapper\">\n<header class=\"mg-headwidget\">\n<div class=\"mg-head-detail d-none d-md-block\">\n<div class=\"container\">\n<div class=\"row align-items-center\">\n<div class=\"col-md-6 col-xs-12\"><\/div>\n<\/div>\n<\/div>\n<\/div>\n<div class=\"clearfix\"><\/div>\n<div class=\"mg-nav-widget-area-back\">\n<div class=\"overlay\">\n<div class=\"inner\">\n<div class=\"container\">\n<div class=\"mg-nav-widget-area\">\n<div class=\"row align-items-center  \">\n<div class=\"col-md-4 text-center-xs \">\n<div class=\"site-logo\"><a class=\"navbar-brand\" href=\"https:\/\/www.ilsycomoro.it\/\" rel=\"home\"><img loading=\"lazy\" decoding=\"async\" class=\"custom-logo\" src=\"https:\/\/i0.wp.com\/www.ilsycomoro.it\/wp-content\/uploads\/2023\/03\/WhatsApp_Image_2023-02-18_at_17.16.09-removebg-preview.png?fit=400%2C267&amp;ssl=1\" sizes=\"auto, (max-width: 400px) 100vw, 400px\" srcset=\"https:\/\/i0.wp.com\/www.ilsycomoro.it\/wp-content\/uploads\/2023\/03\/WhatsApp_Image_2023-02-18_at_17.16.09-removebg-preview.png?w=400&amp;ssl=1 400w, https:\/\/i0.wp.com\/www.ilsycomoro.it\/wp-content\/uploads\/2023\/03\/WhatsApp_Image_2023-02-18_at_17.16.09-removebg-preview.png?resize=300%2C200&amp;ssl=1 300w\" alt=\"ilSycomoro\" width=\"400\" height=\"267\" \/><\/a><\/div>\n<div class=\"site-branding-text \">\n<p class=\"site-title\">da ilsycomoro (Quotidiano di ispirazione cristiana e francescana)<\/p>\n<p>di <em>Fra Giuseppe Maggiore<\/em><\/p>\n<\/div>\n<\/div>\n<\/div>\n<\/div>\n<\/div>\n<\/div>\n<\/div>\n<\/div>\n<\/header>\n<p><main id=\"content\" class=\"single-class content\"><\/p>\n<div class=\"container\">\n<div class=\"row\">\n<div class=\"col-md-12\">\n<div class=\"mg-header mb-30\">\n<div class=\"media mg-info-author-block\"><\/div>\n<\/div>\n<\/div>\n<\/div>\n<div class=\"single-main-content row\">\n<div class=\"col-lg-9 col-md-8\">\n<div class=\"mg-blog-post-box\"><img loading=\"lazy\" decoding=\"async\" class=\"img-responsive wp-post-image\" src=\"https:\/\/www.ilsycomoro.it\/wp-content\/uploads\/2026\/08\/croce.jpg\" sizes=\"auto, (max-width: 900px) 100vw, 900px\" srcset=\"https:\/\/i0.wp.com\/www.ilsycomoro.it\/wp-content\/uploads\/2026\/08\/croce.jpg?w=900&amp;ssl=1 900w, https:\/\/i0.wp.com\/www.ilsycomoro.it\/wp-content\/uploads\/2026\/08\/croce.jpg?resize=300%2C200&amp;ssl=1 300w, https:\/\/i0.wp.com\/www.ilsycomoro.it\/wp-content\/uploads\/2026\/08\/croce.jpg?resize=500%2C333&amp;ssl=1 500w, https:\/\/i0.wp.com\/www.ilsycomoro.it\/wp-content\/uploads\/2026\/08\/croce.jpg?resize=768%2C512&amp;ssl=1 768w\" alt=\"\" width=\"900\" height=\"600\" \/><\/p>\n<article class=\"small single p-3\">\n<div class=\"tts_content_wrapper_1\">\n<p><strong>Commento al Vangelo di Fra Giuseppe Maggiore<\/strong><\/p>\n<p><strong>XXII domenica del Tempo Ordinario (A)<\/strong><\/p>\n<p><strong>Letture<\/strong>:\u00a0<em>Ger 20,7-9\/ Rm 12,1-2\/ Mt 16,21-27<\/em><\/p>\n<p><em>In quel tempo, Ges\u00f9 cominci\u00f2 a spiegare ai suoi discepoli che doveva andare a Gerusalemme e soffrire molto da parte degli anziani, dei capi dei sacerdoti e degli scribi, e venire ucciso e risorgere il terzo giorno.<\/em><br \/>\n<em>Pietro lo prese in disparte e si mise a rimproverarlo dicendo: \u00abDio non voglia, Signore; questo non ti accadr\u00e0 mai\u00bb. Ma egli, voltandosi, disse a Pietro: \u00abVa\u2019 dietro a me, Satana! Tu mi sei di scandalo, perch\u00e9 non pensi secondo Dio, ma secondo gli uomini!\u00bb.<\/em><\/p>\n<h4>Chi me lo fa fare<\/h4>\n<p><img loading=\"lazy\" decoding=\"async\" class=\"size-medium wp-image-28875 alignright\" title=\"\" src=\"https:\/\/i0.wp.com\/www.ilsycomoro.it\/wp-content\/uploads\/2024\/02\/poverta-indifferenza.jpg?resize=300%2C130&amp;ssl=1\" sizes=\"auto, (max-width: 300px) 100vw, 300px\" srcset=\"https:\/\/i0.wp.com\/www.ilsycomoro.it\/wp-content\/uploads\/2024\/02\/poverta-indifferenza.jpg?resize=300%2C130&amp;ssl=1 300w, https:\/\/i0.wp.com\/www.ilsycomoro.it\/wp-content\/uploads\/2024\/02\/poverta-indifferenza.jpg?resize=500%2C217&amp;ssl=1 500w, https:\/\/i0.wp.com\/www.ilsycomoro.it\/wp-content\/uploads\/2024\/02\/poverta-indifferenza.jpg?resize=768%2C333&amp;ssl=1 768w, https:\/\/i0.wp.com\/www.ilsycomoro.it\/wp-content\/uploads\/2024\/02\/poverta-indifferenza.jpg?w=900&amp;ssl=1 900w\" alt=\"poverta-indifferenza-300x130 Il coraggio di andare oltre la logica umana\" width=\"300\" height=\"130\" data-recalc-dims=\"1\" \/>Vi \u00e8 mai capitato di dire a voi stessi\u00a0<em>\u201cchi me lo fa fare?\u201d<\/em>, a me capita spesso. A volte viene il desiderio di mollare tutto, di spegnere tutto e ritirarsi in un posto isolato dove le notizie di guerra, di violenza, gli episodi di incoerenza e di egoismo che creano soprusi e oppressione non mi toccano\u2026 non pensare pi\u00f9 a Dio, a Ges\u00f9 e al Vangelo o meglio vivere una religiosit\u00e0 fatta di tradizioni, disincarnata e spoglia di fede.<\/p>\n<p>Perch\u00e9 seguire uno che parla di rinnegare la propria vita, di prendere la croce, di porgere l\u2019altra guancia, di perdonare all\u2019infinito, di accogliere chiunque\u2026 ma siamo fuori di testa? \u00c8 pi\u00f9 facile ascoltare chi ti parla di remigrazione, di vendetta camuffata da legittima difesa, \u00e8 pi\u00f9 comodo dare retta a chi alza muri e provoca morti in mare col pretesto di difendere i confini. Quali confini, l\u2019unico confine da difendere \u00e8 l\u2019uomo, non esistono altri confini. Quindi perch\u00e9 seguire Ges\u00f9 che abbatte ogni muro rendendomi la vita insicura?<\/p>\n<h4>Fuoco divorante<img loading=\"lazy\" decoding=\"async\" class=\"size-medium wp-image-29545 alignleft\" title=\"\" src=\"https:\/\/i0.wp.com\/www.ilsycomoro.it\/wp-content\/uploads\/2024\/05\/spirito-santo.jpg?resize=300%2C171&amp;ssl=1\" sizes=\"auto, (max-width: 300px) 100vw, 300px\" srcset=\"https:\/\/i0.wp.com\/www.ilsycomoro.it\/wp-content\/uploads\/2024\/05\/spirito-santo.jpg?resize=300%2C171&amp;ssl=1 300w, https:\/\/i0.wp.com\/www.ilsycomoro.it\/wp-content\/uploads\/2024\/05\/spirito-santo.jpg?resize=500%2C285&amp;ssl=1 500w, https:\/\/i0.wp.com\/www.ilsycomoro.it\/wp-content\/uploads\/2024\/05\/spirito-santo.jpg?w=768&amp;ssl=1 768w\" alt=\"spirito-santo-300x171 Il coraggio di andare oltre la logica umana\" width=\"300\" height=\"171\" data-recalc-dims=\"1\" \/><\/h4>\n<p>\u00c8 il dramma di Geremia: basta con Dio, ho chiuso con lui, \u00e8 troppo, chiede troppo\u2026 A volte anche noi facciamo l\u2019esperienza del profeta Geremia:<em>\u00a0\u201cCos\u00ec la parola del Signore \u00e8 diventata per me causa di vergogna e di scherno tutto il giorno. Mi dicevo: \u00abNon penser\u00f2 pi\u00f9 a lui, non parler\u00f2 pi\u00f9 nel suo nome!\u00bb. Ma nel mio cuore c\u2019era come un fuoco ardente, trattenuto nelle mie ossa; mi sforzavo di contenerlo, ma non potevo\u201d<\/em>. Dare ascolto a questo fuoco divorante significa assaporare quella dolcezza di animo e di corpo sperimentata da Francesco di Assisi nell\u2019abbraccio al lebbroso.<\/p>\n<h4>La logica dell\u2019uomo<\/h4>\n<p><img loading=\"lazy\" decoding=\"async\" class=\"size-medium wp-image-41043 alignright\" title=\"\" src=\"https:\/\/i0.wp.com\/www.ilsycomoro.it\/wp-content\/uploads\/2026\/01\/Gesu-2.jpg?resize=300%2C201&amp;ssl=1\" alt=\"Gesu-2-300x201 Il coraggio di andare oltre la logica umana\" width=\"300\" height=\"201\" data-recalc-dims=\"1\" \/>Ma come Pietro anche noi ci abbandoniamo ad una logica umana: \u201cDio non voglia\u201d eppure l\u2019aveva riconosciuto il Cristo. Noi non siamo diversi, lo riconosciamo Signore ma quando si presentano le difficolt\u00e0, situazioni di sofferenza, malattia o altre vicende che ci tarpano le ali o ci mettono paura assumiamo una logica che non ha il sapore del Vangelo ma del mondo. Ragioniamo secondo gli uomini e non secondo Dio. San Paolo ci esorta a non conformarci alla mentalit\u00e0 di questo secolo\u2026 purtroppo ci sono cristiani che continuano a definirsi tali che non si rendono conto che seguire Ges\u00f9 \u00e8 avere i suoi stessi sentimenti di amore, di accoglienza e di tenerezza.<\/p>\n<h4><em>\u201cSe qualcuno vuole venire dietro a me, rinneghi se stesso, prenda la sua croce e mi segua\u201d\u00a0<\/em><\/h4>\n<p><img loading=\"lazy\" decoding=\"async\" class=\"size-medium wp-image-36017 alignleft\" title=\"\" src=\"https:\/\/i0.wp.com\/www.ilsycomoro.it\/wp-content\/uploads\/2025\/04\/gesu2.jpg?resize=300%2C210&amp;ssl=1\" sizes=\"auto, (max-width: 300px) 100vw, 300px\" srcset=\"https:\/\/i0.wp.com\/www.ilsycomoro.it\/wp-content\/uploads\/2025\/04\/gesu2.jpg?resize=300%2C210&amp;ssl=1 300w, https:\/\/i0.wp.com\/www.ilsycomoro.it\/wp-content\/uploads\/2025\/04\/gesu2.jpg?resize=500%2C350&amp;ssl=1 500w, https:\/\/i0.wp.com\/www.ilsycomoro.it\/wp-content\/uploads\/2025\/04\/gesu2.jpg?w=635&amp;ssl=1 635w\" alt=\"gesu2-300x210 Il coraggio di andare oltre la logica umana\" width=\"300\" height=\"210\" data-recalc-dims=\"1\" \/>Spesso si sente dire che\u00a0 Dio manda le croci. Non \u00e8 cos\u00ec sono gli altri che le mandano, siamo noi stessi che le costruiamo con il nostro comportamento.<\/p>\n<p>La sofferenza va evitata, ove possibile. Ma amare, a volte, porta a donarsi fino alla morte, fino allo svuotamento di s\u00e9, fino al rendere sacro un gesto, il\u00a0<em>sacrum facere<\/em>, il sacrificio. Che non significa sopportare un marito violento e farmi da parte davanti all\u2019arrogante o diventare uno zerbino. Dio non apprezza tale atteggiamento! Significa entrare nella logica del dono, logica che Ges\u00f9 assume. Fino a morirne. Siamo davvero disposti a osare tanto? (Curtaz)<\/p>\n<div class=\"google-auto-placed ap_container\"><ins class=\"adsbygoogle adsbygoogle-noablate\" data-ad-format=\"auto\" data-ad-client=\"ca-pub-1000699080446889\" data-adsbygoogle-status=\"done\" data-ad-status=\"filled\"><\/p>\n<div id=\"aswift_1_host\"><\/div>\n<p><\/ins><\/div>\n<p>Rinnegarsi non significa annullarsi, appiattirsi, mortificare quelle cose che ti fanno unico. Vuol dire: smettila di pensare sempre solo a te stesso, di girarti attorno. (Ronchi)<\/p>\n<h4>Aprirsi all\u2019umanit\u00e0<\/h4>\n<p><img loading=\"lazy\" decoding=\"async\" class=\"size-medium wp-image-37159 alignright\" title=\"\" src=\"https:\/\/i0.wp.com\/www.ilsycomoro.it\/wp-content\/uploads\/2025\/06\/frati-ucraina-1.jpg?resize=300%2C225&amp;ssl=1\" sizes=\"auto, (max-width: 300px) 100vw, 300px\" srcset=\"https:\/\/i0.wp.com\/www.ilsycomoro.it\/wp-content\/uploads\/2025\/06\/frati-ucraina-1.jpg?resize=300%2C225&amp;ssl=1 300w, https:\/\/i0.wp.com\/www.ilsycomoro.it\/wp-content\/uploads\/2025\/06\/frati-ucraina-1.jpg?resize=500%2C375&amp;ssl=1 500w, https:\/\/i0.wp.com\/www.ilsycomoro.it\/wp-content\/uploads\/2025\/06\/frati-ucraina-1.jpg?resize=768%2C576&amp;ssl=1 768w, https:\/\/i0.wp.com\/www.ilsycomoro.it\/wp-content\/uploads\/2025\/06\/frati-ucraina-1.jpg?resize=1536%2C1152&amp;ssl=1 1536w, https:\/\/i0.wp.com\/www.ilsycomoro.it\/wp-content\/uploads\/2025\/06\/frati-ucraina-1.jpg?w=1920&amp;ssl=1 1920w, https:\/\/i0.wp.com\/www.ilsycomoro.it\/wp-content\/uploads\/2025\/06\/frati-ucraina-1.jpg?w=1280&amp;ssl=1 1280w\" alt=\"frati-ucraina-1-300x225 Il coraggio di andare oltre la logica umana\" width=\"300\" height=\"225\" data-recalc-dims=\"1\" \/>\u00c8 necessario allargare l\u2019orizzonte in una visione ampia in cui fare spazio agli altri, fare un passo indietro per accogliere le esigenze dell\u2019altro, rinunciare a qualche nostro preteso bisogno per incontrare il bisogno altrui. La nostra libert\u00e0 non finisce l\u00e0 dove inizia la libert\u00e0 dell\u2019altro, secondo il pensiero liberale; la libert\u00e0, per un cristiano, termina dove inizia il bisogno altrui.<\/p>\n<p>Le \u201ccroci\u201d nei modi di dire sono i guai della vita che possono capitare e che in qualche modo siamo costretti a sopportare, ma la \u201ccroce\u201d di Cristo \u00e8 un\u2019altra cosa. Ges\u00f9 si fa carico della Croce per la nostra salvezza, Ges\u00f9 prende su di s\u00e9 il nostro peso, le nostre pesantezze per liberarcene.<\/p>\n<div class=\"google-auto-placed ap_container\"><ins class=\"adsbygoogle adsbygoogle-noablate\" data-ad-format=\"auto\" data-ad-client=\"ca-pub-1000699080446889\" data-adsbygoogle-status=\"done\" data-ad-status=\"filled\"><\/p>\n<div id=\"aswift_2_host\"><\/div>\n<p><\/ins><\/div>\n<p>Prendere ciascuno la propria croce ha lo stesso significato nel farsi carico delle pesantezze, delle fatiche, dei disagi altrui, come Cirenei.<\/p>\n<h4>Perch\u00e9 chi vuole salvare la propria vita, la perder\u00e0; ma chi perder\u00e0 la propria vita per causa mia, la trover\u00e0.<\/h4>\n<p><img loading=\"lazy\" decoding=\"async\" class=\"size-medium wp-image-32426 alignleft\" title=\"\" src=\"https:\/\/i0.wp.com\/www.ilsycomoro.it\/wp-content\/uploads\/2024\/09\/don-Pino-puglisi.webp?resize=300%2C200&amp;ssl=1\" sizes=\"auto, (max-width: 300px) 100vw, 300px\" srcset=\"https:\/\/i0.wp.com\/www.ilsycomoro.it\/wp-content\/uploads\/2024\/09\/don-Pino-puglisi.webp?resize=300%2C200&amp;ssl=1 300w, https:\/\/i0.wp.com\/www.ilsycomoro.it\/wp-content\/uploads\/2024\/09\/don-Pino-puglisi.webp?resize=500%2C333&amp;ssl=1 500w, https:\/\/i0.wp.com\/www.ilsycomoro.it\/wp-content\/uploads\/2024\/09\/don-Pino-puglisi.webp?w=635&amp;ssl=1 635w\" alt=\"don-Pino-puglisi-300x200 Il coraggio di andare oltre la logica umana\" width=\"300\" height=\"200\" data-recalc-dims=\"1\" \/>Abbiamo esempi concreti di come perdere la vita per guadagnarla, uomini e donne che ci hanno testimoniato di avere un fuoco divorante dentro anche se non tutti sono stati credenti, ma hanno saputo testimoniare cosa significa credere nell\u2019 uomo perdendo la propria vita. C\u2019\u00e8 chi l\u2019ha fatto per ideali politici, per la giustizia, chi per il Vangelo.<\/p>\n<p>Penso a\u00a0<strong>Peppino Impastato<\/strong>\u00a0e quei cento passi verso la libert\u00e0, a\u00a0<strong>Pio La Torre e Libero Grassi<\/strong>, a<strong>\u00a0Pier Santi Mattarella e Aldo Moro, a Giuseppe Fava, a Falcone, Borsellino e gli uomini e le donne della scorta<\/strong>. Penso a\u00a0<strong>Don Pino Puglisi e Don Peppe Diana<\/strong>\u00a0che hanno saputo incarnare il Vangelo sino alla fine. Penso a tantissimi altri testimoni di fede e di umanit\u00e0 che hanno perso la vita per donarla e vivere in eterno.<\/p>\n<div class=\"google-auto-placed ap_container\"><ins class=\"adsbygoogle adsbygoogle-noablate\" data-ad-format=\"auto\" data-ad-client=\"ca-pub-1000699080446889\" data-adsbygoogle-status=\"done\" data-ad-status=\"filled\"><\/p>\n<div id=\"aswift_3_host\">Per noi che ci reputiamo cristiani la sola dimensione di Dio \u00e8 quella dell\u2019amore, colui che segue Ges\u00f9 sa che la sua vita dev\u2019essere spesa tutta, fino all\u2019ultimo per amare.<\/div>\n<p><\/ins><\/div>\n<p>&nbsp;<\/p>\n<\/div>\n<\/article>\n<\/div>\n<\/div>\n<\/div>\n<\/div>\n<p><\/main><\/div>\n<\/div>\n","protected":false},"excerpt":{"rendered":"<p>da ilsycomoro (Quotidiano di ispirazione cristiana e francescana) di Fra Giuseppe Maggiore Commento al Vangelo di Fra Giuseppe Maggiore XXII domenica del Tempo Ordinario (A) Letture:\u00a0Ger 20,7-9\/ Rm 12,1-2\/ Mt 16,21-27 In quel <a href=\"https:\/\/nuovosoldo.com\/index.php\/2026\/09\/01\/il-coraggio-di-andare-oltre-la-logica-umana\/\" class=\"more-link\">&#8230;<\/a><\/p>\n","protected":false},"author":6,"featured_media":177754,"comment_status":"open","ping_status":"closed","sticky":false,"template":"","format":"standard","meta":{"_acf_changed":false,"footnotes":""},"categories":[1],"tags":[],"categoria_articolo":[8080],"tag_articolo":[8105],"collezione":[],"class_list":["post-177753","post","type-post","status-publish","format-standard","has-post-thumbnail","hentry","category-senza-categoria","categoria_articolo-economia-e-societa","tag_articolo-opinioni"],"acf":[],"_links":{"self":[{"href":"https:\/\/nuovosoldo.com\/index.php\/wp-json\/wp\/v2\/posts\/177753","targetHints":{"allow":["GET"]}}],"collection":[{"href":"https:\/\/nuovosoldo.com\/index.php\/wp-json\/wp\/v2\/posts"}],"about":[{"href":"https:\/\/nuovosoldo.com\/index.php\/wp-json\/wp\/v2\/types\/post"}],"author":[{"embeddable":true,"href":"https:\/\/nuovosoldo.com\/index.php\/wp-json\/wp\/v2\/users\/6"}],"replies":[{"embeddable":true,"href":"https:\/\/nuovosoldo.com\/index.php\/wp-json\/wp\/v2\/comments?post=177753"}],"version-history":[{"count":1,"href":"https:\/\/nuovosoldo.com\/index.php\/wp-json\/wp\/v2\/posts\/177753\/revisions"}],"predecessor-version":[{"id":177755,"href":"https:\/\/nuovosoldo.com\/index.php\/wp-json\/wp\/v2\/posts\/177753\/revisions\/177755"}],"wp:featuredmedia":[{"embeddable":true,"href":"https:\/\/nuovosoldo.com\/index.php\/wp-json\/wp\/v2\/media\/177754"}],"wp:attachment":[{"href":"https:\/\/nuovosoldo.com\/index.php\/wp-json\/wp\/v2\/media?parent=177753"}],"wp:term":[{"taxonomy":"category","embeddable":true,"href":"https:\/\/nuovosoldo.com\/index.php\/wp-json\/wp\/v2\/categories?post=177753"},{"taxonomy":"post_tag","embeddable":true,"href":"https:\/\/nuovosoldo.com\/index.php\/wp-json\/wp\/v2\/tags?post=177753"},{"taxonomy":"categoria_articolo","embeddable":true,"href":"https:\/\/nuovosoldo.com\/index.php\/wp-json\/wp\/v2\/categoria_articolo?post=177753"},{"taxonomy":"tag_articolo","embeddable":true,"href":"https:\/\/nuovosoldo.com\/index.php\/wp-json\/wp\/v2\/tag_articolo?post=177753"},{"taxonomy":"collezione","embeddable":true,"href":"https:\/\/nuovosoldo.com\/index.php\/wp-json\/wp\/v2\/collezione?post=177753"}],"curies":[{"name":"wp","href":"https:\/\/api.w.org\/{rel}","templated":true}]}}